{"id":4402,"date":"2025-07-17T17:14:29","date_gmt":"2025-07-17T17:14:29","guid":{"rendered":"https:\/\/cooaceded.coop\/wordpress\/?p=4402"},"modified":"2025-10-21T15:24:59","modified_gmt":"2025-10-21T15:24:59","slug":"dia-de-los-espacios-verdes-de-cooaceded-18-07-2025","status":"publish","type":"post","link":"https:\/\/cooaceded.coop\/wordpress\/dia-de-los-espacios-verdes-de-cooaceded-18-07-2025\/","title":{"rendered":"D\u00eda de los Espacios Verdes de COOACEDED &#8211; 18\/07\/2025"},"content":{"rendered":"\t\t<div data-elementor-type=\"wp-post\" data-elementor-id=\"4402\" class=\"elementor elementor-4402\">\n\t\t\t\t<div class=\"elementor-element elementor-element-2d52db52 e-flex e-con-boxed e-con e-parent\" data-id=\"2d52db52\" data-element_type=\"container\" data-e-type=\"container\">\n\t\t\t\t\t<div class=\"e-con-inner\">\n\t\t\t\t<div class=\"elementor-element elementor-element-3572a491 elementor-widget elementor-widget-text-editor\" data-id=\"3572a491\" data-element_type=\"widget\" data-e-type=\"widget\" data-widget_type=\"text-editor.default\">\n\t\t\t\t<div class=\"elementor-widget-container\">\n\t\t\t\t\t\t\t\t\t<p><strong>\u201cLos espacios verdes son un tesoro escondido, \u00a1Desc\u00fabrelo y prot\u00e9gelo; son la esencia de la vida\u201d.<\/strong><\/p><p>El D\u00eda Institucional de los espacios verdes de COOACEDED, se celebra cada 18 de julio. Fue establecido por el Consejo de Administracion en su reuni\u00f3n N\u00b0152 del d\u00eda 22 junio de 2022 con la aprobaci\u00f3n del Calendario Ambiental de COOACEDED, en el cual se establecieron los d\u00edas de festejos y celebraci\u00f3n ambiental para la Cooperativa en el orden mundial, nacional e institucional, por iniciativa del Comit\u00e9 Especial de Compras y Ambiental aprobada en su reuni\u00f3n N\u00b0 138 de 4 de mayo del 2022.<\/p><p>Los prop\u00f3sitos a mediano y largo plazo son las razones m\u00e1s amplias para celebrar este d\u00eda: Establecer una tradici\u00f3n ecol\u00f3gica permanente en el calendario institucional de la Cooperativa, Servir como inspiraci\u00f3n para otras entidades del sector solidario y comunidades educativas, Crear un Legado Ambiental: Dejar una huella positiva en el entorno natural de la cooperativa, asegurando que las futuras generaciones tambi\u00e9n puedan disfrutar de estos espacios; Fomentar la Cohesi\u00f3n Social: Servir como un evento que une a los miembros de los grupos internos de inter\u00e9s de la cooperativa en torno a un prop\u00f3sito com\u00fan, fortaleciendo lazos y creando un sentido de comunidad; \u00a0Demostrar Responsabilidad Social Corporativa: Subrayar el compromiso de la Cooperativa con pr\u00e1cticas sostenibles y el bienestar de su entorno y sus asociados, directivos y empleados; Promover un Estilo de Vida Saludable para Incitar a los miembros de los grupos de inter\u00e9s de la Cooperativa a pasar m\u00e1s tiempo al aire libre, aprovechando los beneficios f\u00edsicos y mentales que ofrecen los espacios verdes; Innovar en Sostenibilidad: Utilizar este d\u00eda como una plataforma para introducir nuevas iniciativas verdes o proyectos de mejora ambiental dentro de la cooperativa y Crear un espacio anual para acciones simb\u00f3licas y pr\u00e1cticas como organizar actividades y jornadas de siembra, limpieza y mantenimiento de los espacios verdes o talleres ambientales.\u00a0<\/p><p><strong>Celebrar los espacios verdes de la Cooperativa de manera institucionalizada es importante por varias razones:<\/strong><\/p><p><strong>Fomenta la Conciencia Ambiental<\/strong>: Destaca la relevancia de la naturaleza y el medio ambiente dentro de la comunidad de la cooperativa, promoviendo una cultura de respeto y cuidado, &#8211; <strong>Fortalece la Identidad y el Sentido de Pertenencia<\/strong>: Crea un d\u00eda especial que los miembros de los grupos de inter\u00e9s de la Cooperativa pueden esperar y celebrar, reforzando el v\u00ednculo con ella y sus valores. Es una forma tangible de mostrar que la cooperativa se preocupa por el bienestar de sus miembros y el entorno, &#8211; <strong>Promueve la Participaci\u00f3n Activa: <\/strong>Ofrece una oportunidad para que los miembros de los grupos de inter\u00e9s de la Cooperativa se involucren en actividades que beneficien directamente a su entorno, como siembras, limpieza o mantenimiento de jardines, &#8211; <strong>Mejora la Imagen Institucional:<\/strong> Proyecta una imagen positiva de la cooperativa como una entidad comprometida con la sostenibilidad, la responsabilidad social y el bienestar com\u00fan, &#8211; <strong>Beneficios para la Salud y el Bienestar: <\/strong>Resalta el papel de los espacios verdes en la mejora de la calidad de vida, reduciendo el estr\u00e9s, promoviendo la actividad f\u00edsica y creando ambientes m\u00e1s agradables, <strong>Promover la comunidad:<\/strong> La celebraci\u00f3n puede unir a los miembros de la cooperativa y fomentar un sentido de comunidad y pertenencia, <strong>&#8211; Reconocer el esfuerzo:<\/strong> La fecha institucional puede ser una oportunidad para reconocer y agradecer el trabajo de los encargados de mantener los espacios verdes.<\/p><p>Los objetivos de esta celebraci\u00f3n, entre otros:<\/p><p><strong>Educar:<\/strong> Aumentar el conocimiento y la comprensi\u00f3n de los miembros de los grupos de inter\u00e9s de la Cooperativa sobre la importancia de sus espacios verdes y la biodiversidad local.<\/p><p><strong>Involucrar:<\/strong> Motivar la participaci\u00f3n de los miembros de los grupos de inter\u00e9s de la Cooperativa en el cuidado y embellecimiento de los espacios verdes de la cooperativa.<\/p><p><strong>Preservar:<\/strong> Contribuir a la conservaci\u00f3n y mantenimiento de la flora y fauna presentes en los espacios verdes de la cooperativa.<\/p><p><strong>Inspirar:<\/strong> Animar a los miembros de los grupos de inter\u00e9s de la Cooperativa a replicar pr\u00e1cticas sostenibles en sus propios hogares y comunidades donde ejercen influencia.<\/p><p><strong>Embellecer:<\/strong> Mejorar la est\u00e9tica y funcionalidad de los espacios verdes, convirti\u00e9ndolos en lugares m\u00e1s agradables para todos.<\/p><p><strong>COOACEDED<\/strong>, fiel al cumplimiento a objetivos de la celebraci\u00f3n de esta fecha y a sus compromisos por la defensa, conservaci\u00f3n y protecci\u00f3n del medio ambiente ha definido su pol\u00edtica ambiental, plasmada en la resoluci\u00f3n 072, expedida el 29 de octubre de 2021 <strong>\u201cMANUAL DE SISTEMA DE GESTION AMBIENTAL\u201d, <\/strong>y dinamizada en la aprobaci\u00f3n <strong>del \u201cCalendario Ambiental\u201d,<\/strong> la creaci\u00f3n y asignaci\u00f3n de funciones precisa al Comit\u00e9 Especial de Ambiental.<\/p><p>Para fortalecer la celebraci\u00f3n de esta fecha, se pueden realizar actividades como: talleres o charlas sobre jardiner\u00eda sostenible y cuidado del medio ambiente, concurso de jardiner\u00eda o decoraci\u00f3n de espacios verdes, ceremonia de reconocimiento a los encargados de mantener los espacios verdes<\/p><p><strong>\u00bfQuieres que las futuras generaciones disfruten de un buen ambiente?<\/strong><\/p><p><strong>\u00a1CREA, CUIDA Y CONSERVA LOS ESPACIOS VERDES!<\/strong><\/p><p><strong>\u00a0<\/strong><strong>\u201c<\/strong><strong>COOACEDED<\/strong><strong> proyecta futuro, cuidando el medio ambiente\u201d<\/strong><\/p><p><strong>Autor : Reynaldo Alfonso Castillo Romero &#8211; Asesor.<\/strong><\/p><p><strong>COMIT\u00c9 ESPECIAL AMBIENTAL<\/strong><\/p><p>ENRIQUE CARLOS SALINAS BATISTA \u2013 Coordinador<\/p><p>ANAILADET PE\u00d1A ALVAREZ \u2013 Secretaria<\/p><p>MAGALY DE JES\u00daS NAVARRO CASTRILLO \u2013 Miembro<\/p><p>LEDA SALGADO MIRANDA \u2013 Miembro<\/p><p>MAR\u00cdA ELENA AMARIS MORA &#8211; Miembro<\/p><p>\u00a0<\/p>\t\t\t\t\t\t\t\t<\/div>\n\t\t\t\t<\/div>\n\t\t\t\t\t<\/div>\n\t\t\t\t<\/div>\n\t\t\t\t<\/div>\n\t\t","protected":false},"excerpt":{"rendered":"<p>\u201cLos espacios verdes son un tesoro escondido, \u00a1Desc\u00fabrelo y prot\u00e9gelo; son la esencia de la vida\u201d. El D\u00eda Institucional de los espacios verdes de COOACEDED, se celebra cada 18 de julio. Fue establecido por el Consejo de Administracion en su reuni\u00f3n N\u00b0152 del d\u00eda 22 junio de 2022 con la aprobaci\u00f3n del Calendario Ambiental de [&hellip;]<\/p>\n","protected":false},"author":1,"featured_media":4403,"comment_status":"open","ping_status":"open","sticky":false,"template":"","format":"standard","meta":{"footnotes":""},"categories":[37],"tags":[38],"class_list":["post-4402","post","type-post","status-publish","format-standard","has-post-thumbnail","hentry","category-noticias","tag-medio-ambiente"],"_links":{"self":[{"href":"https:\/\/cooaceded.coop\/wordpress\/wp-json\/wp\/v2\/posts\/4402","targetHints":{"allow":["GET"]}}],"collection":[{"href":"https:\/\/cooaceded.coop\/wordpress\/wp-json\/wp\/v2\/posts"}],"about":[{"href":"https:\/\/cooaceded.coop\/wordpress\/wp-json\/wp\/v2\/types\/post"}],"author":[{"embeddable":true,"href":"https:\/\/cooaceded.coop\/wordpress\/wp-json\/wp\/v2\/users\/1"}],"replies":[{"embeddable":true,"href":"https:\/\/cooaceded.coop\/wordpress\/wp-json\/wp\/v2\/comments?post=4402"}],"version-history":[{"count":0,"href":"https:\/\/cooaceded.coop\/wordpress\/wp-json\/wp\/v2\/posts\/4402\/revisions"}],"wp:featuredmedia":[{"embeddable":true,"href":"https:\/\/cooaceded.coop\/wordpress\/wp-json\/wp\/v2\/media\/4403"}],"wp:attachment":[{"href":"https:\/\/cooaceded.coop\/wordpress\/wp-json\/wp\/v2\/media?parent=4402"}],"wp:term":[{"taxonomy":"category","embeddable":true,"href":"https:\/\/cooaceded.coop\/wordpress\/wp-json\/wp\/v2\/categories?post=4402"},{"taxonomy":"post_tag","embeddable":true,"href":"https:\/\/cooaceded.coop\/wordpress\/wp-json\/wp\/v2\/tags?post=4402"}],"curies":[{"name":"wp","href":"https:\/\/api.w.org\/{rel}","templated":true}]}}