{"id":4337,"date":"2025-06-05T19:51:58","date_gmt":"2025-06-05T19:51:58","guid":{"rendered":"https:\/\/cooaceded.coop\/wordpress\/?p=4337"},"modified":"2025-10-21T15:24:51","modified_gmt":"2025-10-21T15:24:51","slug":"dia-mundial-del-medioambiente-05-06-2025","status":"publish","type":"post","link":"https:\/\/cooaceded.coop\/wordpress\/dia-mundial-del-medioambiente-05-06-2025\/","title":{"rendered":"D\u00eda Mundial del Medioambiente &#8211; 05\/06\/2025"},"content":{"rendered":"\t\t<div data-elementor-type=\"wp-post\" data-elementor-id=\"4337\" class=\"elementor elementor-4337\">\n\t\t\t\t<div class=\"elementor-element elementor-element-2d52db52 e-flex e-con-boxed e-con e-parent\" data-id=\"2d52db52\" data-element_type=\"container\" data-e-type=\"container\">\n\t\t\t\t\t<div class=\"e-con-inner\">\n\t\t\t\t<div class=\"elementor-element elementor-element-3572a491 elementor-widget elementor-widget-text-editor\" data-id=\"3572a491\" data-element_type=\"widget\" data-e-type=\"widget\" data-widget_type=\"text-editor.default\">\n\t\t\t\t<div class=\"elementor-widget-container\">\n\t\t\t\t\t\t\t\t\t<p><strong>\u201cUn Llamado a la Acci\u00f3n por Nuestro Planeta\u201d<\/strong><\/p><p>El <strong>D\u00eda Mundial del Medio Ambiente<\/strong>, celebrado cada <strong>5 de junio<\/strong>, es una fecha fundamental para la concienciaci\u00f3n y acci\u00f3n global en pro de la protecci\u00f3n de nuestro planeta. \u00a0Fue establecido por la <strong>Asamblea General de las Naciones Unidas en 1972<\/strong>. Esta decisi\u00f3n se tom\u00f3 durante la <strong>Conferencia de las Naciones Unidas sobre el Medio Humano<\/strong>, celebrada en Estocolmo, Suecia, que es considerada la primera cumbre mundial sobre el medio ambiente. La primera celebraci\u00f3n oficial se llev\u00f3 a cabo en 1973 con el lema \u00abSolo una Tierra\u00bb. En esa misma conferencia se cre\u00f3 el <strong>Programa de las Naciones Unidas para el Medio Ambiente (PNUMA)<\/strong> Desde entonces, se ha convertido en una plataforma global que involucra a m\u00e1s de un centenar de pa\u00edses.<\/p><p>La importancia de este d\u00eda radica en la <strong>Concientizaci\u00f3n global:<\/strong> Sirve como un llamado anual para recordar a las personas, gobiernos, empresas y comunidades la urgencia de proteger el medio ambiente y los desaf\u00edos que enfrenta nuestro planeta, como son: el cambio clim\u00e1tico, la p\u00e9rdida de biodiversidad, la contaminaci\u00f3n del aire y del agua, <strong>la deforestaci\u00f3n<\/strong>, y la producci\u00f3n de e<strong>xceso de residuos; &#8211; Impulso a la acci\u00f3n:<\/strong> Fomenta la implementaci\u00f3n de medidas concretas para la restauraci\u00f3n de la Tierra y la adopci\u00f3n de pr\u00e1cticas sostenibles en todos los niveles, desde acciones individuales hasta pol\u00edticas internacionales contra el uso excesivo de combustibles f\u00f3siles, la deforestaci\u00f3n desmedida por la actividad agr\u00edcola, ganadera y minera, la producci\u00f3n y consumo no sostenibles, el uso de pl\u00e1sticos de un solo uso y la falta de educaci\u00f3n ambiental; &#8211; <strong>Educaci\u00f3n ambiental:<\/strong> Es una oportunidad para educar a las generaciones presente y futura sobre la importancia de cuidar el medio ambiente y ense\u00f1ar que las peque\u00f1as decisiones diarias tienen un impacto real; &#8211; <strong>Promueve acciones<\/strong> individuales y colectivas para proteger el planeta; &#8211; <strong>Informa<\/strong> sobre los efectos del cambio clim\u00e1tico, la contaminaci\u00f3n, la p\u00e9rdida de biodiversidad, entre otros, &#8211; <strong>Refuerza<\/strong> la idea de que el medio ambiente es responsabilidad de <strong>todos<\/strong>: gobiernos, empresas, ciudadanos y organizaciones; &#8211; <strong>Colaboraci\u00f3n internacional:<\/strong> Promueve la uni\u00f3n de esfuerzos y la cooperaci\u00f3n entre naciones para abordar los problemas ambientales de manera conjunta.<\/p><p>Los principales objetivos de esta celebraci\u00f3n son:- <strong>Darle una \u00abcara humana\u00bb a los temas ambientales:<\/strong> Hacer que los problemas ambientales sean cercanos y comprensibles para las personas, motiv\u00e1ndolas a convertirse en agentes activos del desarrollo sostenible, &#8211; <strong>Fomentar la acci\u00f3n ambiental:<\/strong> Impulsar a individuos, comunidades, empresas y gobiernos a tomar medidas significativas para proteger y restaurar los ecosistemas, &#8211; <strong>Promover la sostenibilidad:<\/strong> Resaltar la necesidad de adoptar estilos de vida y pol\u00edticas que aseguren un futuro sostenible para las generaciones presentes y futuras, &#8211; <strong>Abordar desaf\u00edos espec\u00edficos:<\/strong> Cada a\u00f1o, se elige un tema central (como la contaminaci\u00f3n por pl\u00e1sticos o la restauraci\u00f3n de tierras) para enfocar los esfuerzos y buscar soluciones a problemas ambientales espec\u00edficos y urgentes, &#8211; <strong>Educar y sensibilizar<\/strong> a la poblaci\u00f3n sobre temas ambientales, Reciclar, reducir y reutilizar, el Uso de la bicicleta o transporte p\u00fablico, la conciencia y responsabilidad de Plantar \u00e1rboles, Ahorrar energ\u00eda,\u00a0 Cuidar el agua, Evitar productos desechables, \u00a0&#8211; <strong>Impulsar pol\u00edticas<\/strong> que favorezcan el desarrollo sostenible, &#8211; <strong>Motivar a gobiernos y empresas<\/strong> a adoptar pr\u00e1cticas sostenibles, &#8211; <strong>Visibilizar los problemas<\/strong> ambientales m\u00e1s urgentes.<\/p><p><strong>COOACEDED<\/strong>, fiel al cumplimientos a los objetivos de la celebraci\u00f3n de esta fecha y a sus compromisos por la defensa, conservaci\u00f3n y protecci\u00f3n del medio ambiente ha definido su pol\u00edtica ambiental , plasmada en la resoluci\u00f3n 072, expedida el 29 de octubre de 2021\u00a0 <strong>\u201cMANUAL DE SISTEMA DE GESTION AMBIENTAL\u201d, y dinamizarla en: la<\/strong> aprobaci\u00f3n del \u201cCalendario Ambiental\u201d,\u00a0 la creaci\u00f3n y asignaci\u00f3n de funciones precisa al Comit\u00e9 Especial\u00a0 Ambiental, charlas dirigidas a los empleados y directivos\u00a0 de la cooperativa, determinaci\u00f3n de puntos ecol\u00f3gicos en cada una de las oficinas de la cooperativa y el CENCAR ( dotaci\u00f3n\u00a0 de juegos de canecas\u00a0 para\u00a0 el buen manejo de residuos producidos), la\u00a0 elaboraci\u00f3n y publicaci\u00f3n mensualmente en la p\u00e1gina web de art\u00edculos dirigidos a todos los miembros de los grupos de inter\u00e9s y comunidad en general referente a la conmemoraci\u00f3n de fechas mundiales, nacionales e institucionales relacionadas con el medio ambiente: d\u00eda del agua, de la Tierra, del Reciclaje,\u00a0 de Ahorro de Energ\u00eda, d\u00eda de la Educaci\u00f3n Ambiental, d\u00eda de la conciencia ambiental, de los espacios verdes de COOACEDED, de las Buenas Pr\u00e1cticas Ambientales, de mi Comportamiento Ambiental, Del Sistema de Gesti\u00f3n Ambiental y del Guardia Ambiental de COOACEDED y el establecimiento de autoridades ambientales institucionales como: GURDIA, AGENTE, COMISI\u00d3N Y EL INSPECTOR AMBIENTAL. todo lo anterior para ir aumentando el nivel conciencia acerca de la necesidad de proteger el planeta.<\/p><p>Los prop\u00f3sitos del D\u00eda Mundial del Medio Ambiente se centran en: &#8211; <strong>Inspirar un cambio de mentalidad:<\/strong> Modificar la forma en que las personas interact\u00faan con el medio ambiente, reconociendo la interdependencia entre las sociedades humanas y los ecosistemas, &#8211; <strong>Generar un compromiso p\u00fablico:<\/strong> Lograr un compromiso cada vez m\u00e1s firme de la sociedad para la reutilizaci\u00f3n, la reducci\u00f3n de residuos y la mejora de la gesti\u00f3n ambiental, realizar acciones concretas ante el aumento de temperatura global, la p\u00e9rdida de biodiversidad, las sequ\u00edas e inundaciones m\u00e1s frecuentes, las enfermedades respiratorias y la escasez de agua potable; &#8211; <strong>Impulsar pol\u00edticas ambientales:<\/strong> Influir en la adopci\u00f3n de pol\u00edticas y legislaciones que promuevan la conservaci\u00f3n, la sostenibilidad y la lucha contra la degradaci\u00f3n ambiental a nivel local, nacional e internacional; &#8211; <strong>celebrar los avances:<\/strong> Reconocer los logros y esfuerzos realizados en la protecci\u00f3n del medio ambiente, incentivando a seguir trabajando por un futuro m\u00e1s verde, &#8211; <strong>conservar los recursos naturales<\/strong> para las generaciones presentes y futuras, &#8211; <strong>reducir la huella ecol\u00f3gica<\/strong> de nuestras actividades diarias, &#8211; <strong>fomentar estilos de vida sostenibles<\/strong> en todos los niveles de la sociedad, &#8211; <strong>proteger la biodiversidad<\/strong> y los ecosistemas y la <strong>Necesidad: Crear un movimiento global<\/strong> comprometido con el medio ambiente.<\/p><p>En esencia, el D\u00eda Mundial del Medio Ambiente busca convertir la conciencia en acci\u00f3n, record\u00e1ndonos que todos somos responsables de la salud de nuestro planeta.<strong>\u00a0<\/strong><\/p><p><strong>\u00abEl planeta no necesita m\u00e1s gente exitosa, necesita m\u00e1s gente comprometida.\u00bb<\/strong><\/p><p><strong>\u201cCOOACEDED proyecta futuro cuidando el medio ambiente\u201d<\/strong><\/p><p><strong>COMIT\u00c9 ESPECIAL DE COMPRAS Y AMBIENTAL<\/strong><\/p><p><strong>Reynaldo Alfonso Castillo Romero\u00a0 \u2013 Coordinador<\/strong><\/p><p><strong>Anailadet Pe\u00f1a \u00c1lvarez \u2013 Secretaria<\/strong><\/p><p><strong>Electo Bele\u00f1o Mora \u2013 Miembro <\/strong><\/p>\t\t\t\t\t\t\t\t<\/div>\n\t\t\t\t<\/div>\n\t\t\t\t\t<\/div>\n\t\t\t\t<\/div>\n\t\t\t\t<\/div>\n\t\t","protected":false},"excerpt":{"rendered":"<p>\u201cUn Llamado a la Acci\u00f3n por Nuestro Planeta\u201d El D\u00eda Mundial del Medio Ambiente, celebrado cada 5 de junio, es una fecha fundamental para la concienciaci\u00f3n y acci\u00f3n global en pro de la protecci\u00f3n de nuestro planeta. \u00a0Fue establecido por la Asamblea General de las Naciones Unidas en 1972. Esta decisi\u00f3n se tom\u00f3 durante la [&hellip;]<\/p>\n","protected":false},"author":1,"featured_media":4338,"comment_status":"open","ping_status":"open","sticky":false,"template":"","format":"standard","meta":{"footnotes":""},"categories":[37],"tags":[38],"class_list":["post-4337","post","type-post","status-publish","format-standard","has-post-thumbnail","hentry","category-noticias","tag-medio-ambiente"],"_links":{"self":[{"href":"https:\/\/cooaceded.coop\/wordpress\/wp-json\/wp\/v2\/posts\/4337","targetHints":{"allow":["GET"]}}],"collection":[{"href":"https:\/\/cooaceded.coop\/wordpress\/wp-json\/wp\/v2\/posts"}],"about":[{"href":"https:\/\/cooaceded.coop\/wordpress\/wp-json\/wp\/v2\/types\/post"}],"author":[{"embeddable":true,"href":"https:\/\/cooaceded.coop\/wordpress\/wp-json\/wp\/v2\/users\/1"}],"replies":[{"embeddable":true,"href":"https:\/\/cooaceded.coop\/wordpress\/wp-json\/wp\/v2\/comments?post=4337"}],"version-history":[{"count":0,"href":"https:\/\/cooaceded.coop\/wordpress\/wp-json\/wp\/v2\/posts\/4337\/revisions"}],"wp:featuredmedia":[{"embeddable":true,"href":"https:\/\/cooaceded.coop\/wordpress\/wp-json\/wp\/v2\/media\/4338"}],"wp:attachment":[{"href":"https:\/\/cooaceded.coop\/wordpress\/wp-json\/wp\/v2\/media?parent=4337"}],"wp:term":[{"taxonomy":"category","embeddable":true,"href":"https:\/\/cooaceded.coop\/wordpress\/wp-json\/wp\/v2\/categories?post=4337"},{"taxonomy":"post_tag","embeddable":true,"href":"https:\/\/cooaceded.coop\/wordpress\/wp-json\/wp\/v2\/tags?post=4337"}],"curies":[{"name":"wp","href":"https:\/\/api.w.org\/{rel}","templated":true}]}}