{"id":4178,"date":"2025-05-16T21:05:55","date_gmt":"2025-05-16T21:05:55","guid":{"rendered":"https:\/\/cooaceded.coop\/wordpress\/?p=4178"},"modified":"2025-10-21T15:24:45","modified_gmt":"2025-10-21T15:24:45","slug":"dia-del-reciclaje-17-05-2025","status":"publish","type":"post","link":"https:\/\/cooaceded.coop\/wordpress\/dia-del-reciclaje-17-05-2025\/","title":{"rendered":"D\u00eda del Reciclaje &#8211; 17\/05\/2025"},"content":{"rendered":"\t\t<div data-elementor-type=\"wp-post\" data-elementor-id=\"4178\" class=\"elementor elementor-4178\">\n\t\t\t\t<div class=\"elementor-element elementor-element-2d52db52 e-flex e-con-boxed e-con e-parent\" data-id=\"2d52db52\" data-element_type=\"container\" data-e-type=\"container\">\n\t\t\t\t\t<div class=\"e-con-inner\">\n\t\t\t\t<div class=\"elementor-element elementor-element-3572a491 elementor-widget elementor-widget-text-editor\" data-id=\"3572a491\" data-element_type=\"widget\" data-e-type=\"widget\" data-widget_type=\"text-editor.default\">\n\t\t\t\t<div class=\"elementor-widget-container\">\n\t\t\t\t\t\t\t\t\t<p>El D\u00eda del Reciclaje es una fecha mundial designada para crear conciencia sobre la importancia de reciclar los residuos de manera adecuada para proteger el medio ambiente, promover la cultura del reciclaje y a reflexionar sobre nuestras pr\u00e1cticas de consumo y gesti\u00f3n de residuos. Se busca fomentar h\u00e1bitos responsables que contribuyan al cuidado del planeta. Este d\u00eda nos recuerda que nuestras acciones tienen un impacto directo en el medio ambiente y que adoptar h\u00e1bitos responsables puede generar un mundo m\u00e1s limpio y equilibrado.<\/p><p>Se celebra el 17 de mayo, esta fecha fue establecido por la <strong>UNESCO (Organizaci\u00f3n de las Naciones Unidas para la Educaci\u00f3n, la Ciencia y la Cultura)<\/strong> en el a\u00f1o <strong>2005<\/strong>, Sin embargo, ya se celebraba de manera informal desde 1994, como parte de sus esfuerzos por promover el desarrollo sostenible, la educaci\u00f3n ambiental y para fomentar pr\u00e1cticas de consumo sostenible y promover la econom\u00eda circular. A lo largo de los a\u00f1os, este d\u00eda ha servido como un punto de reflexi\u00f3n global sobre el manejo adecuado de los residuos y la necesidad urgente de minimizar la contaminaci\u00f3n.<\/p><p>Los objetivos del D\u00eda del Reciclaje incluyen: &#8211; <strong>Fomentar<\/strong> la educaci\u00f3n ambiental desde edades tempranas, &#8211; <strong>Disminuir<\/strong> el volumen de residuos generados, &#8211; <strong>Promover<\/strong> el uso de materiales reciclables y biodegradables, <strong>&#8211; Impulsar<\/strong> pol\u00edticas a favor del reciclaje, &#8211; <strong>Involucrar<\/strong> a la ciudadan\u00eda en acciones concretas y sostenibles, &#8211; \u00a0<strong>Crear<\/strong> conciencia sobre la importancia de reducir, reutilizar y reciclar los residuos como h\u00e1bitos cotidianos para proteger el medio ambiente, <strong>Sensibilizar<\/strong> a la poblaci\u00f3n sobre la importancia del reciclaje y sus beneficios ambientales, <strong>Promover<\/strong> pr\u00e1cticas de reciclaje en hogares, empresas e instituciones, &#8211; <strong>Informar<\/strong> sobre c\u00f3mo separar los residuos correctamente, &#8211; <strong>Impulsar<\/strong> iniciativas y proyectos relacionados con la gesti\u00f3n sostenible de residuos.<\/p><p><strong>COOACEDED<\/strong>, comprometida con la PROTECCION, DEFENSA Y CONSERVACION DEL MEDIO AMBIENTE, para la aplicaci\u00f3n de su pol\u00edtica ambiental establece responsabilidades a los miembros de los grupos de inter\u00e9s que conforman los \u00f3rganos de su estructura administrativa y de control de la Cooperativa, con el fin de\u00a0 \u00a0garantizar la correcta aplicaci\u00f3n del Marco legal recogido en el Manual de Gesti\u00f3n Ambiental por el cual se dinamiza esta pol\u00edtica. Entre esas responsabilidades est\u00e1 el de garantizar los procedimientos correctos sobre la gesti\u00f3n de los residuos. En COOACEDED el orden metodol\u00f3gico de gesti\u00f3n de los recursos y de los residuos deber\u00e1 ser siempre<strong>: eliminar, reducir, reutilizar, clasificar, reciclar y disposici\u00f3n<\/strong>, teniendo en cuenta adem\u00e1s que cuanto m\u00e1s alto sea el producto mayor ser\u00e1 la reducci\u00f3n de su uso y mayor ser\u00e1 el ahorro de costos\u201d. De tal manera, se impulsa las buenas pr\u00e1cticas de reciclar entre los grupos de inter\u00e9s de la cooperativa.<\/p><p>Se celebra el D\u00eda Mundial del Reciclaje para: &#8211; <strong>Concienciar <\/strong>a la sociedad sobre la importancia de tratar los residuos correctamente, para disminuir la contaminaci\u00f3n del aire, agua y suelo &#8211; <strong>Promover <\/strong>la separaci\u00f3n de residuos seg\u00fan sus caracter\u00edsticas para facilitar su reutilizaci\u00f3n para el ahorra energ\u00eda y recursos naturales \u00a0&#8211; <strong>Reducir<\/strong> la cantidad de residuos que terminan en vertederos y oc\u00e9anos, neutralizando las emisiones<strong> de <\/strong>gases de efecto invernadero <strong>&#8211; Impulsar<\/strong> acciones sostenibles en hogares, escuelas, empresas y gobiernos, motiva y ayuda a construir un futuro m\u00e1s sostenible para todos &#8211; <strong>Combatir<\/strong> el cambio clim\u00e1tico a trav\u00e9s de la gesti\u00f3n adecuada de residuos, se reduce el volumen de residuos y, por lo tanto, la contaminaci\u00f3n. &#8211; <strong>Fomentar <\/strong>la adopci\u00f3n de pr\u00e1cticas sostenibles en la gesti\u00f3n de residuos, motiva y fomenta la econom\u00eda circular, donde los residuos se reincorporan al ciclo productivo, &#8211; <strong>Destacar <\/strong>el papel crucial del reciclaje en la econom\u00eda circular, &#8211; <strong>Educar<\/strong> sobre la correcta separaci\u00f3n y tratamiento de residuos, &#8211; P<strong>romover <\/strong>la econom\u00eda circular, donde los productos se reutilizan y no se desechan f\u00e1cilmente, generando empleos verdes, &#8211; <strong>Inspirar<\/strong> cambios de h\u00e1bitos en la sociedad respecto al consumo y el desperdicio, preserva los recursos naturales al reutilizar materiales reciclados &#8211; \u00a0<strong>Reducir<\/strong> la cantidad de residuos que se generan &#8211; <strong>Evitar <\/strong>el consumo excesivo y el desperdicio de productos, ahorra energ\u00eda en comparaci\u00f3n con la producci\u00f3n a partir de materias primas, &#8211; <strong>Reutilizar <\/strong>objetos d\u00e1ndoles una nueva vida \u00fatil, &#8211;<strong>Transformar <\/strong>los residuos en nuevos productos, disminuyendo la necesidad de nuevas materias primas, &#8211; <strong>Disminuir <\/strong>la contaminaci\u00f3n del aire, el agua y el suelo, reduce la emisi\u00f3n de gases de efecto invernadero, &#8211; <strong>Ahorrar <\/strong>energ\u00eda en la producci\u00f3n de nuevos materiales, &#8211; <strong>Preservar <\/strong>los recursos naturales, &#8211; <strong>Fomentar <\/strong>la conciencia ambiental, protegiendo la biodiversidad y los ecosistemas al reducir la necesidad de extraer recursos.<\/p><p>\u00a0Entre los prop\u00f3sitos para la celebraci\u00f3n de este D\u00eda importante para la humanidad, se pueden mencionar, entre otros: &#8211; Cambiar la mentalidad de \u201c<strong>usar y tirar<\/strong>\u201d por una de <strong>responsabilidad y reutilizaci\u00f3n<\/strong>, &#8211; <strong>Integrar <\/strong>el reciclaje como una parte fundamental de la vida diaria, &#8211; <strong>Crear<\/strong> comunidades m\u00e1s limpias y saludables, &#8211; <strong>Proteger<\/strong> la biodiversidad y los ecosistemas,\u00a0 &#8211; <strong>Generar <\/strong>un cambio en los h\u00e1bitos de consumo hacia modelos m\u00e1s responsables y sostenibles, &#8211; <strong>Lograr <\/strong>una mayor participaci\u00f3n ciudadana en la separaci\u00f3n y entrega de materiales reciclables, &#8211; <strong>Impulsar <\/strong>la innovaci\u00f3n y la creatividad en la creaci\u00f3n de nuevos productos a partir de materiales reciclados, &#8211; <strong>Crear <\/strong>empleo y desarrollo econ\u00f3mico en el sector del reciclaje, &#8211; <strong>Contribuir <\/strong>a la lucha contra el cambio clim\u00e1tico mediante la reducci\u00f3n de emisiones y la conservaci\u00f3n de recursos.<\/p><p>El D\u00eda del Reciclaje nos recuerda que <strong>\u00abEl reciclaje no es solo una acci\u00f3n, es una responsabilidad y compromiso con el futuro del planeta\u201d.<\/strong><\/p><p>\u00ab\u00bfSab\u00edas que cada minuto se desechan millones de toneladas de pl\u00e1stico en el mundo?\u00bb<\/p><p><strong>\u00bfEst\u00e1s listo para hacer tu parte?\u00bb<\/strong><\/p><p><strong>\u201cCOOACEDED proyecta futuro cuidando el medio ambiente\u201d<\/strong><\/p><p><strong>COMIT\u00c9 ESPECIAL DE COMPRAS Y AMBIENTAL<\/strong><\/p><p><strong>Reynaldo Alfonso Castillo Romero\u00a0 \u2013 Coordinador<\/strong><\/p><p><strong>Anailadet Pe\u00f1a \u00c1lvarez \u2013 Secretaria<\/strong><\/p><p><strong>Electo Bele\u00f1o Mora \u2013 Miembro <\/strong><\/p>\t\t\t\t\t\t\t\t<\/div>\n\t\t\t\t<\/div>\n\t\t\t\t\t<\/div>\n\t\t\t\t<\/div>\n\t\t\t\t<\/div>\n\t\t","protected":false},"excerpt":{"rendered":"<p>El D\u00eda del Reciclaje es una fecha mundial designada para crear conciencia sobre la importancia de reciclar los residuos de manera adecuada para proteger el medio ambiente, promover la cultura del reciclaje y a reflexionar sobre nuestras pr\u00e1cticas de consumo y gesti\u00f3n de residuos. Se busca fomentar h\u00e1bitos responsables que contribuyan al cuidado del planeta. [&hellip;]<\/p>\n","protected":false},"author":1,"featured_media":4179,"comment_status":"open","ping_status":"open","sticky":false,"template":"","format":"standard","meta":{"footnotes":""},"categories":[37],"tags":[38],"class_list":["post-4178","post","type-post","status-publish","format-standard","has-post-thumbnail","hentry","category-noticias","tag-medio-ambiente"],"_links":{"self":[{"href":"https:\/\/cooaceded.coop\/wordpress\/wp-json\/wp\/v2\/posts\/4178","targetHints":{"allow":["GET"]}}],"collection":[{"href":"https:\/\/cooaceded.coop\/wordpress\/wp-json\/wp\/v2\/posts"}],"about":[{"href":"https:\/\/cooaceded.coop\/wordpress\/wp-json\/wp\/v2\/types\/post"}],"author":[{"embeddable":true,"href":"https:\/\/cooaceded.coop\/wordpress\/wp-json\/wp\/v2\/users\/1"}],"replies":[{"embeddable":true,"href":"https:\/\/cooaceded.coop\/wordpress\/wp-json\/wp\/v2\/comments?post=4178"}],"version-history":[{"count":0,"href":"https:\/\/cooaceded.coop\/wordpress\/wp-json\/wp\/v2\/posts\/4178\/revisions"}],"wp:featuredmedia":[{"embeddable":true,"href":"https:\/\/cooaceded.coop\/wordpress\/wp-json\/wp\/v2\/media\/4179"}],"wp:attachment":[{"href":"https:\/\/cooaceded.coop\/wordpress\/wp-json\/wp\/v2\/media?parent=4178"}],"wp:term":[{"taxonomy":"category","embeddable":true,"href":"https:\/\/cooaceded.coop\/wordpress\/wp-json\/wp\/v2\/categories?post=4178"},{"taxonomy":"post_tag","embeddable":true,"href":"https:\/\/cooaceded.coop\/wordpress\/wp-json\/wp\/v2\/tags?post=4178"}],"curies":[{"name":"wp","href":"https:\/\/api.w.org\/{rel}","templated":true}]}}