{"id":4066,"date":"2025-04-22T18:34:27","date_gmt":"2025-04-22T18:34:27","guid":{"rendered":"https:\/\/cooaceded.coop\/wordpress\/?p=4066"},"modified":"2025-10-21T15:24:38","modified_gmt":"2025-10-21T15:24:38","slug":"dia-mundial-de-la-tierra-22-04-2025","status":"publish","type":"post","link":"https:\/\/cooaceded.coop\/wordpress\/dia-mundial-de-la-tierra-22-04-2025\/","title":{"rendered":"D\u00eda Mundial de la Tierra &#8211; 22\/04\/2025"},"content":{"rendered":"\t\t<div data-elementor-type=\"wp-post\" data-elementor-id=\"4066\" class=\"elementor elementor-4066\">\n\t\t\t\t<div class=\"elementor-element elementor-element-2d52db52 e-flex e-con-boxed e-con e-parent\" data-id=\"2d52db52\" data-element_type=\"container\" data-e-type=\"container\">\n\t\t\t\t\t<div class=\"e-con-inner\">\n\t\t\t\t<div class=\"elementor-element elementor-element-3572a491 elementor-widget elementor-widget-text-editor\" data-id=\"3572a491\" data-element_type=\"widget\" data-e-type=\"widget\" data-widget_type=\"text-editor.default\">\n\t\t\t\t<div class=\"elementor-widget-container\">\n\t\t\t\t\t\t\t\t\t<p>El <strong>D\u00eda de la Tierra, oficialmente D\u00eda Internacional de la Madre Tierra, <\/strong>es una celebraci\u00f3n anual que se lleva a cabo cada <strong>22 de abril<\/strong> en todo el mundo, es una fecha crucial para <strong>reflexionar sobre nuestro papel en el planeta,<\/strong> promover la conservaci\u00f3n del medio ambiente y para <strong>unir esfuerzos en la construcci\u00f3n de un futuro m\u00e1s sostenible y en armon\u00eda con la naturaleza.<\/strong> Este martes 22 de abril de 2025 se celebra la 55\u00aa edici\u00f3n del D\u00eda de la Tierra, una jornada\u00a0para visibilizar la importancia de nuestro planeta y la conservaci\u00f3n de sus ecosistemas en todos los continentes y oc\u00e9anos. Es un d\u00eda para generar conciencia sobre el impacto que genera la contaminaci\u00f3n, la importancia de cuidar la biodiversidad y la responsabilidad ambiental del hombre.<\/p><p>Su origen se remonta a 1970, impulsado por el senador estadounidense Gaylord Nelson, como una <strong>protesta masiva<\/strong> para exigir la protecci\u00f3n del medio ambiente, m\u00e1s de 20 millones de norteamericanos se manifestaron por un medio ambiente sano. En 2009 la ONU declar\u00f3 el 22 de abril como el D\u00eda Internacional de la Madre Tierra.\u00a0<\/p><p>Se celebra para <strong>concienciar a la humanidad<\/strong> sobre los problemas que afectan a nuestro planeta, como la contaminaci\u00f3n, la p\u00e9rdida de biodiversidad, el cambio clim\u00e1tico y el agotamiento de los recursos naturales y resaltar la importancia de cuidar y preservar nuestro planeta, tomar medidas urgentes para protegerlo. Es un d\u00eda para rendir homenaje y reconocer a la Tierra como nuestro hogar, as\u00ed como lo han expresado distintas culturas a lo largo de la historia, demostrando la interdependencia entre sus muchos ecosistemas y los seres vivos que la habitamos.<\/p><p>\u00a0Su <strong>finalidad<\/strong> es: <strong>Fomentar una mayor conciencia y responsabilidad ambiental<\/strong> en las personas, promoviendo acciones que contribuyan a un futuro m\u00e1s saludable y equitativo para todos, &#8211; <strong>la toma de conciencia sobre la triple crisis planetaria<\/strong>: cambio clim\u00e1tico, p\u00e9rdida de biodiversidad y contaminaci\u00f3n, un llamado global a la acci\u00f3n para la conservaci\u00f3n y el desarrollo sostenible, buscando la participaci\u00f3n de gobiernos, empresas y ciudadanos. &#8211; <strong>Sensibilizar sobre la importancia de la Tierra y sus ecosistemas:<\/strong> Se busca que las personas reconozcan la importancia de la naturaleza para la supervivencia humana y la de otras especies.\u00a0&#8211; <strong>Promover la acci\u00f3n para proteger el medio ambiente:<\/strong> Se invita a la ciudadan\u00eda a tomar medidas para reducir el impacto negativo sobre el planeta, &#8211;<strong>Fomentar el desarrollo sostenible:<\/strong> Se busca encontrar un equilibrio entre las necesidades econ\u00f3micas, sociales y ambientales para garantizar un futuro pr\u00f3spero para las generaciones futuras.\u00a0<\/p><p>El D\u00eda de la Tierra se celebra\u00a0para concientizar sobre la importancia de cuidar y preservar nuestro planeta, para tomar medidas urgentes para protegerlo de la contaminaci\u00f3n y el cambio clim\u00e1tico. El <strong>objetivo<\/strong> principal de la conmemoraci\u00f3n Del D\u00eda de la Tierra es el de <strong>movilizar a la sociedad<\/strong> civil, a los gobiernos y a las empresas para que adopten medidas concretas en favor de la sostenibilidad y el cuidado del planeta:<\/p><p><strong>Concientizaci\u00f3n:<\/strong> El D\u00eda de la Tierra busca generar conciencia sobre los problemas ambientales que afectan a nuestro planeta, como la contaminaci\u00f3n, la deforestaci\u00f3n y el cambio clim\u00e1tico.\u00a0<\/p><p><strong>Responsabilidad ambiental: <\/strong>Se enfatiza la importancia de asumir la responsabilidad de cuidar el medio ambiente y de tomar medidas para reducir el impacto de nuestras acciones en la naturaleza.\u00a0<\/p><p><strong>Acci\u00f3n y soluciones: <\/strong>El D\u00eda de la Tierra es una oportunidad para promover la implementaci\u00f3n de soluciones y formas de desarrollo sostenible, tanto a nivel individual como colectivo.\u00a0<\/p><p><strong>Desarrollo sostenible: <\/strong>El D\u00eda de la Tierra tambi\u00e9n busca promover la idea de que el desarrollo econ\u00f3mico y social debe ser sostenible.<\/p><p>El D\u00eda de la Tierra reviste una <strong>gran importancia<\/strong> por muchas razones: &#8211; <strong>Visibiliza los problemas ambientales;<\/strong> permite poner de manifiesto los desaf\u00edos urgentes que enfrenta el planeta y sus habitantes. &#8211; <strong>Promueve la acci\u00f3n;<\/strong> permite inspira y moviliza a individuos, organizaciones y gobiernos a tomar medidas concretas para proteger el medio ambiente. &#8211; <strong>Fomenta la educaci\u00f3n ambiental; <\/strong>brinda una oportunidad para aprender sobre temas ambientales cruciales y c\u00f3mo podemos contribuir a su soluci\u00f3n. &#8211; <strong>Refuerza la conciencia colectiva<\/strong>; permite recuerdar que somos parte de un mismo planeta y que nuestras acciones tienen un impacto global. &#8211; <strong>Impulsa pol\u00edticas sostenibles;<\/strong> Presiona a los l\u00edderes mundiales y a las empresas para que adopten pol\u00edticas y pr\u00e1cticas m\u00e1s respetuosas con el medio ambiente.<\/p><p>Esta fecha se puede celebrar a trav\u00e9s de diversas actividades, como: <strong>Organizar Manifestaciones y marchas,<\/strong> para expresar la preocupaci\u00f3n por el medio ambiente y exigir acciones a los gobiernos y empresas.\u00a0<strong>\u2013 Impulsar y Realizar <\/strong><strong>Limpiezas de playas y \u00e1reas verdes,<\/strong> promoviendo actividades de voluntariado para limpiar el entorno y reducir la contaminaci\u00f3n.\u00a0\u2013 <strong>Promover la<\/strong> <strong>Reforestaciones y plantaciones de \u00e1rboles, direccionar<\/strong> acciones para combatir la deforestaci\u00f3n y mejorar la calidad del aire.\u00a0\u2013 <strong>Realizar<\/strong> <strong>Talleres y charlas informativas y formativos,<\/strong> organizar estos eventos para educar sobre los problemas ambientales y las soluciones posibles.\u00a0<strong>Liderar <\/strong><strong>Campa\u00f1as de comunicaci\u00f3n, <\/strong>utilizando los medios de comunicaci\u00f3n para llegar a un p\u00fablico amplio y generar conciencia.\u00a0<\/p><p><strong>COOACEDED, <\/strong>la cooperativa de educadores y trabajadores de la educaci\u00f3n, en su POL\u00cdTICA AMBIENTAL resalta la conmemoraci\u00f3n de esta fecha importante para la humanidad, demostrando su gran compromiso con la protecci\u00f3n, defensa y conservaci\u00f3n de la tierra. Razones por las cuales hace el llamado a sus asociados a comprometerse con acciones o actividades concretas que permitan cumplir el compromiso institucional, adem\u00e1s del compromiso y responsabilidad personal como miembro del hogar universal. Cada acci\u00f3n cuenta y todos tenemos un papel que jugar en la protecci\u00f3n de nuestro \u00fanico y valioso planeta.<\/p><p><strong>\u00a1Nuestro Poder, Nuestro Planeta\u00a1<\/strong><\/p><p><strong>\u201cCOOACEDED proyecta futuro, cuidando el Medio Ambiente\u201d<\/strong><\/p><p><strong>COMIT\u00c9 ESPECIAL DE COMPRAS Y AMBIENTAL<\/strong><\/p><p><strong>Reynaldo Alfonso Castillo Romero\u00a0 \u2013 Coordinador<\/strong><\/p><p><strong>Anailadet Pe\u00f1a \u00c1lvarez \u2013 Secretaria<\/strong><\/p><p><strong>Electo Bele\u00f1o Mora \u2013 Miembro <\/strong><\/p>\t\t\t\t\t\t\t\t<\/div>\n\t\t\t\t<\/div>\n\t\t\t\t\t<\/div>\n\t\t\t\t<\/div>\n\t\t\t\t<\/div>\n\t\t","protected":false},"excerpt":{"rendered":"<p>El D\u00eda de la Tierra, oficialmente D\u00eda Internacional de la Madre Tierra, es una celebraci\u00f3n anual que se lleva a cabo cada 22 de abril en todo el mundo, es una fecha crucial para reflexionar sobre nuestro papel en el planeta, promover la conservaci\u00f3n del medio ambiente y para unir esfuerzos en la construcci\u00f3n de [&hellip;]<\/p>\n","protected":false},"author":1,"featured_media":4071,"comment_status":"open","ping_status":"open","sticky":false,"template":"","format":"standard","meta":{"footnotes":""},"categories":[37],"tags":[38],"class_list":["post-4066","post","type-post","status-publish","format-standard","has-post-thumbnail","hentry","category-noticias","tag-medio-ambiente"],"_links":{"self":[{"href":"https:\/\/cooaceded.coop\/wordpress\/wp-json\/wp\/v2\/posts\/4066","targetHints":{"allow":["GET"]}}],"collection":[{"href":"https:\/\/cooaceded.coop\/wordpress\/wp-json\/wp\/v2\/posts"}],"about":[{"href":"https:\/\/cooaceded.coop\/wordpress\/wp-json\/wp\/v2\/types\/post"}],"author":[{"embeddable":true,"href":"https:\/\/cooaceded.coop\/wordpress\/wp-json\/wp\/v2\/users\/1"}],"replies":[{"embeddable":true,"href":"https:\/\/cooaceded.coop\/wordpress\/wp-json\/wp\/v2\/comments?post=4066"}],"version-history":[{"count":0,"href":"https:\/\/cooaceded.coop\/wordpress\/wp-json\/wp\/v2\/posts\/4066\/revisions"}],"wp:featuredmedia":[{"embeddable":true,"href":"https:\/\/cooaceded.coop\/wordpress\/wp-json\/wp\/v2\/media\/4071"}],"wp:attachment":[{"href":"https:\/\/cooaceded.coop\/wordpress\/wp-json\/wp\/v2\/media?parent=4066"}],"wp:term":[{"taxonomy":"category","embeddable":true,"href":"https:\/\/cooaceded.coop\/wordpress\/wp-json\/wp\/v2\/categories?post=4066"},{"taxonomy":"post_tag","embeddable":true,"href":"https:\/\/cooaceded.coop\/wordpress\/wp-json\/wp\/v2\/tags?post=4066"}],"curies":[{"name":"wp","href":"https:\/\/api.w.org\/{rel}","templated":true}]}}